{"id":6451,"date":"2023-11-28T16:34:59","date_gmt":"2023-11-28T15:34:59","guid":{"rendered":"https:\/\/aux2lacs54.fr\/der-herbst-eine-sehr-schoene-jahreszeit-um-pierre-percee-zu-besuchen\/"},"modified":"2023-11-28T16:55:38","modified_gmt":"2023-11-28T15:55:38","slug":"der-herbst-eine-sehr-schoene-jahreszeit-um-pierre-percee-zu-besuchen","status":"publish","type":"post","link":"https:\/\/aux2lacs54.fr\/de\/der-herbst-eine-sehr-schoene-jahreszeit-um-pierre-percee-zu-besuchen\/","title":{"rendered":"Der Herbst, eine sehr sch\u00f6ne Jahreszeit, um Pierre-Perc\u00e9e zu besuchen"},"content":{"rendered":"<div class=\"fusion-fullwidth fullwidth-box fusion-builder-row-1 fusion-flex-container nonhundred-percent-fullwidth non-hundred-percent-height-scrolling\" style=\"--awb-border-radius-top-left:0px;--awb-border-radius-top-right:0px;--awb-border-radius-bottom-right:0px;--awb-border-radius-bottom-left:0px;--awb-flex-wrap:wrap;\" ><div class=\"fusion-builder-row fusion-row fusion-flex-align-items-flex-start fusion-flex-content-wrap\" style=\"max-width:1216.8px;margin-left: calc(-4% \/ 2 );margin-right: calc(-4% \/ 2 );\"><div class=\"fusion-layout-column fusion_builder_column fusion-builder-column-0 fusion_builder_column_1_1 1_1 fusion-flex-column\" style=\"--awb-bg-size:cover;--awb-width-large:100%;--awb-margin-top-large:0px;--awb-spacing-right-large:1.92%;--awb-margin-bottom-large:0px;--awb-spacing-left-large:1.92%;--awb-width-medium:100%;--awb-spacing-right-medium:1.92%;--awb-spacing-left-medium:1.92%;--awb-width-small:100%;--awb-spacing-right-small:1.92%;--awb-spacing-left-small:1.92%;\"><div class=\"fusion-column-wrapper fusion-flex-justify-content-flex-start fusion-content-layout-column\"><div class=\"fusion-text fusion-text-1\"><p><span class=\"x193iq5w xeuugli x13faqbe x1vvkbs x1xmvt09 x1lliihq x1s928wv xhkezso x1gmr53x x1cpjm7i x1fgarty x1943h6x xudqn12 x3x7a5m x6prxxf xvq8zen xo1l8bm xzsf02u x1yc453h\" dir=\"auto\">Lac de Pierre-Perc\u00e9e, der Charme seiner Natur und die erholsame Ruhe dieses magischen Ortes<\/span><\/p>\n<div style=\"width: 854px;\" class=\"wp-video\"><!--[if lt IE 9]><script>document.createElement('video');<\/script><![endif]-->\n<video class=\"wp-video-shortcode\" id=\"video-6451-1\" width=\"854\" height=\"480\" preload=\"metadata\" controls=\"controls\"><source type=\"video\/mp4\" src=\"https:\/\/aux2lacs54.fr\/wp-content\/uploads\/2023\/11\/Pierre-percee-Automne-2023.mp4?_=1\" \/><a href=\"https:\/\/aux2lacs54.fr\/wp-content\/uploads\/2023\/11\/Pierre-percee-Automne-2023.mp4\">https:\/\/aux2lacs54.fr\/wp-content\/uploads\/2023\/11\/Pierre-percee-Automne-2023.mp4<\/a><\/video><\/div>\n<p><a href=\"https:\/\/aux2lacs54.fr\/de\/\"><strong>Mehr erfahren<\/strong><strong>mehr<\/strong><\/a><\/p>\n<\/div><div class=\"awb-gallery-wrapper awb-gallery-wrapper-1 button-span-no\" style=\"--more-btn-alignment:center;\"><div style=\"margin:-5px;--awb-aspect-ratio:16 \/ 9;--awb-bordersize:0px;\" class=\"fusion-gallery fusion-gallery-container fusion-grid-3 fusion-columns-total-0 fusion-gallery-layout-grid fusion-gallery-1 has-aspect-ratio\"><\/div><\/div><\/div><\/div><\/div><\/div>\n","protected":false},"excerpt":{"rendered":"<p>Lac de Pierre-Perc\u00e9e den Charme seiner Natur und die erholsame Ruhe dieses magischen Ortes. https:\/\/aux2lacs54.fr\/<\/p>\n","protected":false},"author":1,"featured_media":6476,"comment_status":"closed","ping_status":"closed","sticky":false,"template":"","format":"standard","meta":{"footnotes":""},"categories":[79],"tags":[],"class_list":["post-6451","post","type-post","status-publish","format-standard","has-post-thumbnail","hentry","category-blog-de"],"yoast_head":"<!-- This site is optimized with the Yoast SEO plugin v27.4 - https:\/\/yoast.com\/product\/yoast-seo-wordpress\/ -->\n<title>Der Herbst, eine sehr sch\u00f6ne Jahreszeit, um Pierre-Perc\u00e9e zu besuchen - AUX 2 LACS<\/title>\n<meta name=\"robots\" content=\"index, follow, max-snippet:-1, max-image-preview:large, max-video-preview:-1\" \/>\n<link rel=\"canonical\" href=\"https:\/\/aux2lacs54.fr\/de\/der-herbst-eine-sehr-schoene-jahreszeit-um-pierre-percee-zu-besuchen\/\" \/>\n<meta property=\"og:locale\" content=\"de_DE\" \/>\n<meta property=\"og:type\" content=\"article\" \/>\n<meta property=\"og:title\" content=\"Der Herbst, eine sehr sch\u00f6ne Jahreszeit, um Pierre-Perc\u00e9e zu besuchen - AUX 2 LACS\" \/>\n<meta property=\"og:description\" content=\"Lac de Pierre-Perc\u00e9e den Charme seiner Natur und die erholsame Ruhe dieses magischen Ortes. https:\/\/aux2lacs54.fr\/\" \/>\n<meta property=\"og:url\" content=\"https:\/\/aux2lacs54.fr\/de\/der-herbst-eine-sehr-schoene-jahreszeit-um-pierre-percee-zu-besuchen\/\" \/>\n<meta property=\"og:site_name\" content=\"AUX 2 LACS\" \/>\n<meta property=\"article:publisher\" content=\"https:\/\/www.facebook.com\/aux2lacs54\/\" \/>\n<meta property=\"article:published_time\" content=\"2023-11-28T15:34:59+00:00\" \/>\n<meta property=\"article:modified_time\" content=\"2023-11-28T15:55:38+00:00\" \/>\n<meta property=\"og:image\" content=\"https:\/\/aux2lacs54.fr\/wp-content\/uploads\/2023\/11\/C-3-scaled.jpg\" \/>\n\t<meta property=\"og:image:width\" content=\"2560\" \/>\n\t<meta property=\"og:image:height\" content=\"1440\" \/>\n\t<meta property=\"og:image:type\" content=\"image\/jpeg\" \/>\n<meta name=\"author\" content=\"admin8776\" \/>\n<meta name=\"twitter:card\" content=\"summary_large_image\" \/>\n<meta name=\"twitter:label1\" content=\"Verfasst von\" \/>\n\t<meta name=\"twitter:data1\" content=\"admin8776\" \/>\n\t<meta name=\"twitter:label2\" content=\"Gesch\u00e4tzte Lesezeit\" \/>\n\t<meta name=\"twitter:data2\" content=\"2\u00a0Minuten\" \/>\n<script type=\"application\/ld+json\" class=\"yoast-schema-graph\">{\"@context\":\"https:\\\/\\\/schema.org\",\"@graph\":[{\"@type\":\"Article\",\"@id\":\"https:\\\/\\\/aux2lacs54.fr\\\/de\\\/der-herbst-eine-sehr-schoene-jahreszeit-um-pierre-percee-zu-besuchen\\\/#article\",\"isPartOf\":{\"@id\":\"https:\\\/\\\/aux2lacs54.fr\\\/de\\\/der-herbst-eine-sehr-schoene-jahreszeit-um-pierre-percee-zu-besuchen\\\/\"},\"author\":{\"name\":\"admin8776\",\"@id\":\"https:\\\/\\\/aux2lacs54.fr\\\/de\\\/#\\\/schema\\\/person\\\/c54d69e180eca5b478fbf6b75f04b461\"},\"headline\":\"Der Herbst, eine sehr sch\u00f6ne Jahreszeit, um Pierre-Perc\u00e9e zu besuchen\",\"datePublished\":\"2023-11-28T15:34:59+00:00\",\"dateModified\":\"2023-11-28T15:55:38+00:00\",\"mainEntityOfPage\":{\"@id\":\"https:\\\/\\\/aux2lacs54.fr\\\/de\\\/der-herbst-eine-sehr-schoene-jahreszeit-um-pierre-percee-zu-besuchen\\\/\"},\"wordCount\":341,\"publisher\":{\"@id\":\"https:\\\/\\\/aux2lacs54.fr\\\/de\\\/#organization\"},\"image\":{\"@id\":\"https:\\\/\\\/aux2lacs54.fr\\\/de\\\/der-herbst-eine-sehr-schoene-jahreszeit-um-pierre-percee-zu-besuchen\\\/#primaryimage\"},\"thumbnailUrl\":\"https:\\\/\\\/aux2lacs54.fr\\\/wp-content\\\/uploads\\\/2023\\\/11\\\/C-3-scaled.jpg\",\"articleSection\":[\"Blog\"],\"inLanguage\":\"de\"},{\"@type\":\"WebPage\",\"@id\":\"https:\\\/\\\/aux2lacs54.fr\\\/de\\\/der-herbst-eine-sehr-schoene-jahreszeit-um-pierre-percee-zu-besuchen\\\/\",\"url\":\"https:\\\/\\\/aux2lacs54.fr\\\/de\\\/der-herbst-eine-sehr-schoene-jahreszeit-um-pierre-percee-zu-besuchen\\\/\",\"name\":\"Der Herbst, eine sehr sch\u00f6ne Jahreszeit, um Pierre-Perc\u00e9e zu besuchen - AUX 2 LACS\",\"isPartOf\":{\"@id\":\"https:\\\/\\\/aux2lacs54.fr\\\/de\\\/#website\"},\"primaryImageOfPage\":{\"@id\":\"https:\\\/\\\/aux2lacs54.fr\\\/de\\\/der-herbst-eine-sehr-schoene-jahreszeit-um-pierre-percee-zu-besuchen\\\/#primaryimage\"},\"image\":{\"@id\":\"https:\\\/\\\/aux2lacs54.fr\\\/de\\\/der-herbst-eine-sehr-schoene-jahreszeit-um-pierre-percee-zu-besuchen\\\/#primaryimage\"},\"thumbnailUrl\":\"https:\\\/\\\/aux2lacs54.fr\\\/wp-content\\\/uploads\\\/2023\\\/11\\\/C-3-scaled.jpg\",\"datePublished\":\"2023-11-28T15:34:59+00:00\",\"dateModified\":\"2023-11-28T15:55:38+00:00\",\"breadcrumb\":{\"@id\":\"https:\\\/\\\/aux2lacs54.fr\\\/de\\\/der-herbst-eine-sehr-schoene-jahreszeit-um-pierre-percee-zu-besuchen\\\/#breadcrumb\"},\"inLanguage\":\"de\",\"potentialAction\":[{\"@type\":\"ReadAction\",\"target\":[\"https:\\\/\\\/aux2lacs54.fr\\\/de\\\/der-herbst-eine-sehr-schoene-jahreszeit-um-pierre-percee-zu-besuchen\\\/\"]}]},{\"@type\":\"ImageObject\",\"inLanguage\":\"de\",\"@id\":\"https:\\\/\\\/aux2lacs54.fr\\\/de\\\/der-herbst-eine-sehr-schoene-jahreszeit-um-pierre-percee-zu-besuchen\\\/#primaryimage\",\"url\":\"https:\\\/\\\/aux2lacs54.fr\\\/wp-content\\\/uploads\\\/2023\\\/11\\\/C-3-scaled.jpg\",\"contentUrl\":\"https:\\\/\\\/aux2lacs54.fr\\\/wp-content\\\/uploads\\\/2023\\\/11\\\/C-3-scaled.jpg\",\"width\":2560,\"height\":1440,\"caption\":\"Lac Pierre-Perc\u00e9e\"},{\"@type\":\"BreadcrumbList\",\"@id\":\"https:\\\/\\\/aux2lacs54.fr\\\/de\\\/der-herbst-eine-sehr-schoene-jahreszeit-um-pierre-percee-zu-besuchen\\\/#breadcrumb\",\"itemListElement\":[{\"@type\":\"ListItem\",\"position\":1,\"name\":\"Accueil\",\"item\":\"https:\\\/\\\/aux2lacs54.fr\\\/de\\\/\"},{\"@type\":\"ListItem\",\"position\":2,\"name\":\"Der Herbst, eine sehr sch\u00f6ne Jahreszeit, um Pierre-Perc\u00e9e zu besuchen\"}]},{\"@type\":\"WebSite\",\"@id\":\"https:\\\/\\\/aux2lacs54.fr\\\/de\\\/#website\",\"url\":\"https:\\\/\\\/aux2lacs54.fr\\\/de\\\/\",\"name\":\"AUX 2 LACS\",\"description\":\"Chambres d&#039;H\u00f4tes, Location de G\u00eete, Piscine, Vosges, Meurthe-et-Moselle\",\"publisher\":{\"@id\":\"https:\\\/\\\/aux2lacs54.fr\\\/de\\\/#organization\"},\"potentialAction\":[{\"@type\":\"SearchAction\",\"target\":{\"@type\":\"EntryPoint\",\"urlTemplate\":\"https:\\\/\\\/aux2lacs54.fr\\\/de\\\/?s={search_term_string}\"},\"query-input\":{\"@type\":\"PropertyValueSpecification\",\"valueRequired\":true,\"valueName\":\"search_term_string\"}}],\"inLanguage\":\"de\"},{\"@type\":\"Organization\",\"@id\":\"https:\\\/\\\/aux2lacs54.fr\\\/de\\\/#organization\",\"name\":\"Aux 2 lacs 54\",\"url\":\"https:\\\/\\\/aux2lacs54.fr\\\/de\\\/\",\"logo\":{\"@type\":\"ImageObject\",\"inLanguage\":\"de\",\"@id\":\"https:\\\/\\\/aux2lacs54.fr\\\/de\\\/#\\\/schema\\\/logo\\\/image\\\/\",\"url\":\"https:\\\/\\\/aux2lacs54.fr\\\/wp-content\\\/uploads\\\/2022\\\/02\\\/Aux-2-lacs-HD.png\",\"contentUrl\":\"https:\\\/\\\/aux2lacs54.fr\\\/wp-content\\\/uploads\\\/2022\\\/02\\\/Aux-2-lacs-HD.png\",\"width\":4000,\"height\":3986,\"caption\":\"Aux 2 lacs 54\"},\"image\":{\"@id\":\"https:\\\/\\\/aux2lacs54.fr\\\/de\\\/#\\\/schema\\\/logo\\\/image\\\/\"},\"sameAs\":[\"https:\\\/\\\/www.facebook.com\\\/aux2lacs54\\\/\",\"https:\\\/\\\/www.youtube.com\\\/channel\\\/UCuk_gN6mwJiDxWt1EqBisAw\\\/videos\"]},{\"@type\":\"Person\",\"@id\":\"https:\\\/\\\/aux2lacs54.fr\\\/de\\\/#\\\/schema\\\/person\\\/c54d69e180eca5b478fbf6b75f04b461\",\"name\":\"admin8776\",\"image\":{\"@type\":\"ImageObject\",\"inLanguage\":\"de\",\"@id\":\"https:\\\/\\\/secure.gravatar.com\\\/avatar\\\/d2539c08a892c9d594a62853f06222684124e94bd6d6aca9bdc6cb76c4a3b636?s=96&d=mm&r=g\",\"url\":\"https:\\\/\\\/secure.gravatar.com\\\/avatar\\\/d2539c08a892c9d594a62853f06222684124e94bd6d6aca9bdc6cb76c4a3b636?s=96&d=mm&r=g\",\"contentUrl\":\"https:\\\/\\\/secure.gravatar.com\\\/avatar\\\/d2539c08a892c9d594a62853f06222684124e94bd6d6aca9bdc6cb76c4a3b636?s=96&d=mm&r=g\",\"caption\":\"admin8776\"},\"sameAs\":[\"http:\\\/\\\/aux2lacs54.fr\"]}]}<\/script>\n<!-- \/ Yoast SEO plugin. -->","yoast_head_json":{"title":"Der Herbst, eine sehr sch\u00f6ne Jahreszeit, um Pierre-Perc\u00e9e zu besuchen - AUX 2 LACS","robots":{"index":"index","follow":"follow","max-snippet":"max-snippet:-1","max-image-preview":"max-image-preview:large","max-video-preview":"max-video-preview:-1"},"canonical":"https:\/\/aux2lacs54.fr\/de\/der-herbst-eine-sehr-schoene-jahreszeit-um-pierre-percee-zu-besuchen\/","og_locale":"de_DE","og_type":"article","og_title":"Der Herbst, eine sehr sch\u00f6ne Jahreszeit, um Pierre-Perc\u00e9e zu besuchen - AUX 2 LACS","og_description":"Lac de Pierre-Perc\u00e9e den Charme seiner Natur und die erholsame Ruhe dieses magischen Ortes. https:\/\/aux2lacs54.fr\/","og_url":"https:\/\/aux2lacs54.fr\/de\/der-herbst-eine-sehr-schoene-jahreszeit-um-pierre-percee-zu-besuchen\/","og_site_name":"AUX 2 LACS","article_publisher":"https:\/\/www.facebook.com\/aux2lacs54\/","article_published_time":"2023-11-28T15:34:59+00:00","article_modified_time":"2023-11-28T15:55:38+00:00","og_image":[{"width":2560,"height":1440,"url":"https:\/\/aux2lacs54.fr\/wp-content\/uploads\/2023\/11\/C-3-scaled.jpg","type":"image\/jpeg"}],"author":"admin8776","twitter_card":"summary_large_image","twitter_misc":{"Verfasst von":"admin8776","Gesch\u00e4tzte Lesezeit":"2\u00a0Minuten"},"schema":{"@context":"https:\/\/schema.org","@graph":[{"@type":"Article","@id":"https:\/\/aux2lacs54.fr\/de\/der-herbst-eine-sehr-schoene-jahreszeit-um-pierre-percee-zu-besuchen\/#article","isPartOf":{"@id":"https:\/\/aux2lacs54.fr\/de\/der-herbst-eine-sehr-schoene-jahreszeit-um-pierre-percee-zu-besuchen\/"},"author":{"name":"admin8776","@id":"https:\/\/aux2lacs54.fr\/de\/#\/schema\/person\/c54d69e180eca5b478fbf6b75f04b461"},"headline":"Der Herbst, eine sehr sch\u00f6ne Jahreszeit, um Pierre-Perc\u00e9e zu besuchen","datePublished":"2023-11-28T15:34:59+00:00","dateModified":"2023-11-28T15:55:38+00:00","mainEntityOfPage":{"@id":"https:\/\/aux2lacs54.fr\/de\/der-herbst-eine-sehr-schoene-jahreszeit-um-pierre-percee-zu-besuchen\/"},"wordCount":341,"publisher":{"@id":"https:\/\/aux2lacs54.fr\/de\/#organization"},"image":{"@id":"https:\/\/aux2lacs54.fr\/de\/der-herbst-eine-sehr-schoene-jahreszeit-um-pierre-percee-zu-besuchen\/#primaryimage"},"thumbnailUrl":"https:\/\/aux2lacs54.fr\/wp-content\/uploads\/2023\/11\/C-3-scaled.jpg","articleSection":["Blog"],"inLanguage":"de"},{"@type":"WebPage","@id":"https:\/\/aux2lacs54.fr\/de\/der-herbst-eine-sehr-schoene-jahreszeit-um-pierre-percee-zu-besuchen\/","url":"https:\/\/aux2lacs54.fr\/de\/der-herbst-eine-sehr-schoene-jahreszeit-um-pierre-percee-zu-besuchen\/","name":"Der Herbst, eine sehr sch\u00f6ne Jahreszeit, um Pierre-Perc\u00e9e zu besuchen - AUX 2 LACS","isPartOf":{"@id":"https:\/\/aux2lacs54.fr\/de\/#website"},"primaryImageOfPage":{"@id":"https:\/\/aux2lacs54.fr\/de\/der-herbst-eine-sehr-schoene-jahreszeit-um-pierre-percee-zu-besuchen\/#primaryimage"},"image":{"@id":"https:\/\/aux2lacs54.fr\/de\/der-herbst-eine-sehr-schoene-jahreszeit-um-pierre-percee-zu-besuchen\/#primaryimage"},"thumbnailUrl":"https:\/\/aux2lacs54.fr\/wp-content\/uploads\/2023\/11\/C-3-scaled.jpg","datePublished":"2023-11-28T15:34:59+00:00","dateModified":"2023-11-28T15:55:38+00:00","breadcrumb":{"@id":"https:\/\/aux2lacs54.fr\/de\/der-herbst-eine-sehr-schoene-jahreszeit-um-pierre-percee-zu-besuchen\/#breadcrumb"},"inLanguage":"de","potentialAction":[{"@type":"ReadAction","target":["https:\/\/aux2lacs54.fr\/de\/der-herbst-eine-sehr-schoene-jahreszeit-um-pierre-percee-zu-besuchen\/"]}]},{"@type":"ImageObject","inLanguage":"de","@id":"https:\/\/aux2lacs54.fr\/de\/der-herbst-eine-sehr-schoene-jahreszeit-um-pierre-percee-zu-besuchen\/#primaryimage","url":"https:\/\/aux2lacs54.fr\/wp-content\/uploads\/2023\/11\/C-3-scaled.jpg","contentUrl":"https:\/\/aux2lacs54.fr\/wp-content\/uploads\/2023\/11\/C-3-scaled.jpg","width":2560,"height":1440,"caption":"Lac Pierre-Perc\u00e9e"},{"@type":"BreadcrumbList","@id":"https:\/\/aux2lacs54.fr\/de\/der-herbst-eine-sehr-schoene-jahreszeit-um-pierre-percee-zu-besuchen\/#breadcrumb","itemListElement":[{"@type":"ListItem","position":1,"name":"Accueil","item":"https:\/\/aux2lacs54.fr\/de\/"},{"@type":"ListItem","position":2,"name":"Der Herbst, eine sehr sch\u00f6ne Jahreszeit, um Pierre-Perc\u00e9e zu besuchen"}]},{"@type":"WebSite","@id":"https:\/\/aux2lacs54.fr\/de\/#website","url":"https:\/\/aux2lacs54.fr\/de\/","name":"AUX 2 LACS","description":"Chambres d&#039;H\u00f4tes, Location de G\u00eete, Piscine, Vosges, Meurthe-et-Moselle","publisher":{"@id":"https:\/\/aux2lacs54.fr\/de\/#organization"},"potentialAction":[{"@type":"SearchAction","target":{"@type":"EntryPoint","urlTemplate":"https:\/\/aux2lacs54.fr\/de\/?s={search_term_string}"},"query-input":{"@type":"PropertyValueSpecification","valueRequired":true,"valueName":"search_term_string"}}],"inLanguage":"de"},{"@type":"Organization","@id":"https:\/\/aux2lacs54.fr\/de\/#organization","name":"Aux 2 lacs 54","url":"https:\/\/aux2lacs54.fr\/de\/","logo":{"@type":"ImageObject","inLanguage":"de","@id":"https:\/\/aux2lacs54.fr\/de\/#\/schema\/logo\/image\/","url":"https:\/\/aux2lacs54.fr\/wp-content\/uploads\/2022\/02\/Aux-2-lacs-HD.png","contentUrl":"https:\/\/aux2lacs54.fr\/wp-content\/uploads\/2022\/02\/Aux-2-lacs-HD.png","width":4000,"height":3986,"caption":"Aux 2 lacs 54"},"image":{"@id":"https:\/\/aux2lacs54.fr\/de\/#\/schema\/logo\/image\/"},"sameAs":["https:\/\/www.facebook.com\/aux2lacs54\/","https:\/\/www.youtube.com\/channel\/UCuk_gN6mwJiDxWt1EqBisAw\/videos"]},{"@type":"Person","@id":"https:\/\/aux2lacs54.fr\/de\/#\/schema\/person\/c54d69e180eca5b478fbf6b75f04b461","name":"admin8776","image":{"@type":"ImageObject","inLanguage":"de","@id":"https:\/\/secure.gravatar.com\/avatar\/d2539c08a892c9d594a62853f06222684124e94bd6d6aca9bdc6cb76c4a3b636?s=96&d=mm&r=g","url":"https:\/\/secure.gravatar.com\/avatar\/d2539c08a892c9d594a62853f06222684124e94bd6d6aca9bdc6cb76c4a3b636?s=96&d=mm&r=g","contentUrl":"https:\/\/secure.gravatar.com\/avatar\/d2539c08a892c9d594a62853f06222684124e94bd6d6aca9bdc6cb76c4a3b636?s=96&d=mm&r=g","caption":"admin8776"},"sameAs":["http:\/\/aux2lacs54.fr"]}]}},"_links":{"self":[{"href":"https:\/\/aux2lacs54.fr\/de\/wp-json\/wp\/v2\/posts\/6451","targetHints":{"allow":["GET"]}}],"collection":[{"href":"https:\/\/aux2lacs54.fr\/de\/wp-json\/wp\/v2\/posts"}],"about":[{"href":"https:\/\/aux2lacs54.fr\/de\/wp-json\/wp\/v2\/types\/post"}],"author":[{"embeddable":true,"href":"https:\/\/aux2lacs54.fr\/de\/wp-json\/wp\/v2\/users\/1"}],"replies":[{"embeddable":true,"href":"https:\/\/aux2lacs54.fr\/de\/wp-json\/wp\/v2\/comments?post=6451"}],"version-history":[{"count":13,"href":"https:\/\/aux2lacs54.fr\/de\/wp-json\/wp\/v2\/posts\/6451\/revisions"}],"predecessor-version":[{"id":6504,"href":"https:\/\/aux2lacs54.fr\/de\/wp-json\/wp\/v2\/posts\/6451\/revisions\/6504"}],"wp:featuredmedia":[{"embeddable":true,"href":"https:\/\/aux2lacs54.fr\/de\/wp-json\/wp\/v2\/media\/6476"}],"wp:attachment":[{"href":"https:\/\/aux2lacs54.fr\/de\/wp-json\/wp\/v2\/media?parent=6451"}],"wp:term":[{"taxonomy":"category","embeddable":true,"href":"https:\/\/aux2lacs54.fr\/de\/wp-json\/wp\/v2\/categories?post=6451"},{"taxonomy":"post_tag","embeddable":true,"href":"https:\/\/aux2lacs54.fr\/de\/wp-json\/wp\/v2\/tags?post=6451"}],"curies":[{"name":"wp","href":"https:\/\/api.w.org\/{rel}","templated":true}]}}